{"id":115,"date":"2012-06-18T17:12:35","date_gmt":"2012-06-18T16:12:35","guid":{"rendered":"http:\/\/www.agostinisemper.it\/site\/?p=115"},"modified":"2012-06-18T17:12:35","modified_gmt":"2012-06-18T16:12:35","slug":"borse-di-studio","status":"publish","type":"post","link":"http:\/\/www.agostinisemper.it\/2015\/2012\/06\/18\/borse-di-studio\/","title":{"rendered":"Laboratorio della memoria"},"content":{"rendered":"<p>Prende avvio il progetto &#8220;Laboratorio della memoria&#8221;, per recuperare e conservare la memoria del Collegio Augustinianum nelle sue varie stagioni; l&#8217;attivit\u00e0 \u00e8 coordinata da Giorgio Ferri, nella <a href=\"http:\/\/www.agostinisemper.it\/site\/?page_id=127\">apposita sezione<\/a> \u00e8 possibile trovare tutte le notizie sul progetto.<\/p>\n<p><span style=\"font-family: Arial,Helvetica,sans-serif;\"><br \/>\n<\/span><\/p>\n<div class=\"sharedaddy sd-sharing-enabled\"><div class=\"robots-nocontent sd-block sd-social sd-social-icon sd-sharing\"><h3 class=\"sd-title\">Condividi:<\/h3><div class=\"sd-content\"><ul><li class=\"share-facebook\"><a rel=\"nofollow noopener noreferrer\" data-shared=\"sharing-facebook-115\" class=\"share-facebook sd-button share-icon no-text\" href=\"http:\/\/www.agostinisemper.it\/2015\/2012\/06\/18\/borse-di-studio\/?share=facebook\" target=\"_blank\" title=\"Fai clic per condividere su Facebook\"><span><\/span><span class=\"sharing-screen-reader-text\">Fai clic per condividere su Facebook (Si apre in una nuova finestra)<\/span><\/a><\/li><li class=\"share-linkedin\"><a rel=\"nofollow noopener noreferrer\" data-shared=\"sharing-linkedin-115\" class=\"share-linkedin sd-button share-icon no-text\" href=\"http:\/\/www.agostinisemper.it\/2015\/2012\/06\/18\/borse-di-studio\/?share=linkedin\" target=\"_blank\" title=\"Fai clic qui per condividere su LinkedIn\"><span><\/span><span class=\"sharing-screen-reader-text\">Fai clic qui per condividere su LinkedIn (Si apre in una nuova finestra)<\/span><\/a><\/li><li class=\"share-twitter\"><a rel=\"nofollow noopener noreferrer\" data-shared=\"sharing-twitter-115\" class=\"share-twitter sd-button share-icon no-text\" href=\"http:\/\/www.agostinisemper.it\/2015\/2012\/06\/18\/borse-di-studio\/?share=twitter\" target=\"_blank\" title=\"Fai clic qui per condividere su Twitter\"><span><\/span><span class=\"sharing-screen-reader-text\">Fai clic qui per condividere su Twitter (Si apre in una nuova finestra)<\/span><\/a><\/li><li class=\"share-email\"><a rel=\"nofollow noopener noreferrer\" data-shared=\"\" class=\"share-email sd-button share-icon no-text\" href=\"http:\/\/www.agostinisemper.it\/2015\/2012\/06\/18\/borse-di-studio\/?share=email\" target=\"_blank\" title=\"Fai clic qui per inviare l'articolo via mail ad un amico\"><span><\/span><span class=\"sharing-screen-reader-text\">Fai clic qui per inviare l'articolo via mail ad un amico (Si apre in una nuova finestra)<\/span><\/a><\/li><li class=\"share-print\"><a rel=\"nofollow noopener noreferrer\" data-shared=\"\" class=\"share-print sd-button share-icon no-text\" href=\"http:\/\/www.agostinisemper.it\/2015\/2012\/06\/18\/borse-di-studio\/\" target=\"_blank\" title=\"Fai clic qui per stampare\"><span><\/span><span class=\"sharing-screen-reader-text\">Fai clic qui per stampare (Si apre in una nuova finestra)<\/span><\/a><\/li><li class=\"share-end\"><\/li><\/ul><\/div><\/div><\/div>","protected":false},"excerpt":{"rendered":"<p>Prende avvio il progetto &#8220;Laboratorio della memoria&#8221;, per recuperare e conservare la memoria del Collegio Augustinianum nelle sue varie stagioni; l&#8217;attivit\u00e0 \u00e8 coordinata da Giorgio Ferri, nella apposita sezione \u00e8 possibile trovare tutte le notizie sul progetto.<\/p>\n<div class=\"sharedaddy sd-sharing-enabled\"><div class=\"robots-nocontent sd-block sd-social sd-social-icon sd-sharing\"><h3 class=\"sd-title\">Condividi:<\/h3><div class=\"sd-content\"><ul><li class=\"share-facebook\"><a rel=\"nofollow noopener noreferrer\" data-shared=\"sharing-facebook-115\" class=\"share-facebook sd-button share-icon no-text\" href=\"http:\/\/www.agostinisemper.it\/2015\/2012\/06\/18\/borse-di-studio\/?share=facebook\" target=\"_blank\" title=\"Fai clic per condividere su Facebook\"><span><\/span><span class=\"sharing-screen-reader-text\">Fai clic per condividere su Facebook (Si apre in una nuova finestra)<\/span><\/a><\/li><li class=\"share-linkedin\"><a rel=\"nofollow noopener noreferrer\" data-shared=\"sharing-linkedin-115\" class=\"share-linkedin sd-button share-icon no-text\" href=\"http:\/\/www.agostinisemper.it\/2015\/2012\/06\/18\/borse-di-studio\/?share=linkedin\" target=\"_blank\" title=\"Fai clic qui per condividere su LinkedIn\"><span><\/span><span class=\"sharing-screen-reader-text\">Fai clic qui per condividere su LinkedIn (Si apre in una nuova finestra)<\/span><\/a><\/li><li class=\"share-twitter\"><a rel=\"nofollow noopener noreferrer\" data-shared=\"sharing-twitter-115\" class=\"share-twitter sd-button share-icon no-text\" href=\"http:\/\/www.agostinisemper.it\/2015\/2012\/06\/18\/borse-di-studio\/?share=twitter\" target=\"_blank\" title=\"Fai clic qui per condividere su Twitter\"><span><\/span><span class=\"sharing-screen-reader-text\">Fai clic qui per condividere su Twitter (Si apre in una nuova finestra)<\/span><\/a><\/li><li class=\"share-email\"><a rel=\"nofollow noopener noreferrer\" data-shared=\"\" class=\"share-email sd-button share-icon no-text\" href=\"http:\/\/www.agostinisemper.it\/2015\/2012\/06\/18\/borse-di-studio\/?share=email\" target=\"_blank\" title=\"Fai clic qui per inviare l'articolo via mail ad un amico\"><span><\/span><span class=\"sharing-screen-reader-text\">Fai clic qui per inviare l'articolo via mail ad un amico (Si apre in una nuova finestra)<\/span><\/a><\/li><li class=\"share-print\"><a rel=\"nofollow noopener noreferrer\" data-shared=\"\" class=\"share-print sd-button share-icon no-text\" href=\"http:\/\/www.agostinisemper.it\/2015\/2012\/06\/18\/borse-di-studio\/\" target=\"_blank\" title=\"Fai clic qui per stampare\"><span><\/span><span class=\"sharing-screen-reader-text\">Fai clic qui per stampare (Si apre in una nuova finestra)<\/span><\/a><\/li><li class=\"share-end\"><\/li><\/ul><\/div><\/div><\/div>","protected":false},"author":1,"featured_media":0,"comment_status":"open","ping_status":"closed","sticky":false,"template":"","format":"standard","meta":{"spay_email":"","jetpack_publicize_message":"","jetpack_is_tweetstorm":false},"categories":[1],"tags":[],"jetpack_featured_media_url":"","jetpack_publicize_connections":[],"jetpack_sharing_enabled":true,"jetpack_shortlink":"https:\/\/wp.me\/p6Xxzl-1R","jetpack-related-posts":[{"id":565,"url":"http:\/\/www.agostinisemper.it\/2015\/2013\/06\/05\/una-voce-dal-passato\/","url_meta":{"origin":115,"position":0},"title":"Una voce dal passato","date":"5 Giugno 2013","format":false,"excerpt":"\"Fummo educati alla libert\u00e0, [...] fummo educati a sentire che il mondo aveva bisogno di noi\". All'interno del \"Laboratorio della memoria\", riproduciamo in questa pagina un'omelia di don Mario Giavazzi del 1967, recuperata da una registrazione analogica (ritrovata dal prof. F. Martinelli e donata al Laboratorio): un breve testo [12\u2026","rel":"","context":"In &quot;Senza categoria&quot;","img":{"alt_text":"","src":"","width":0,"height":0},"classes":[]},{"id":1101,"url":"http:\/\/www.agostinisemper.it\/2015\/2014\/12\/23\/il-resoconto-della-xix-assemblea\/","url_meta":{"origin":115,"position":1},"title":"Il Resoconto della XIX Assemblea","date":"23 Dicembre 2014","format":false,"excerpt":"Il Resoconto della XIX Assemblea L'8 novembre, secondo tradizione nel secondo sabato del mese, l\u2019Associazione \u00a0ha celebrato l\u2019annuale assemblea dei soci nella Cripta dell\u2019Aula Magna della sede dell'Ateneo di Largo Gemelli. I festeggiamenti per i cinquant'anni dalla laurea Le celebrazioni di quest\u2019anno sono state precedute, nella serata di venerd\u00ec, da\u2026","rel":"","context":"In &quot;Senza categoria&quot;","img":{"alt_text":"","src":"","width":0,"height":0},"classes":[]},{"id":723,"url":"http:\/\/www.agostinisemper.it\/2015\/2013\/12\/22\/laugustinianum-a-80-anni-tra-presente-e-futuro\/","url_meta":{"origin":115,"position":2},"title":"L'Augustinianum a 80 anni tra presente e futuro","date":"22 Dicembre 2013","format":false,"excerpt":"Un percorso fotografico installato all'interno del Collegio, che vuole ricordare agli studenti di oggi che cosa \u00e8 stato e che cosa \u00e8 l'Augustinianum, e come il Collegio ha attraversato la storia dell'Universit\u00e0 e quella d'Italia spesso, in qualche modo, influenzandole. Otto pannelli, riproposti in queste pagine, che vogliono costituire un\u2026","rel":"","context":"In &quot;Senza categoria&quot;","img":{"alt_text":"","src":"","width":0,"height":0},"classes":[]},{"id":989,"url":"http:\/\/www.agostinisemper.it\/2015\/2014\/10\/14\/la-xix-assemblea-dellassociazione-agostini-semper\/","url_meta":{"origin":115,"position":3},"title":"La XIX Assemblea dell'Associazione Agostini semper","date":"14 Ottobre 2014","format":false,"excerpt":"\u00a0 Si svolge secondo tradizione in Universit\u00e0 Cattolica\u00a0nel secondo sabato di novembre, che quest'anno cade\u00a0l'8 del mese, il nuovo appuntamento annuale di ritrovo degli studenti del Collegio Augustinianum di tutte le et\u00e0: l'Associazione quest'anno rinnova le cariche sociali e d\u00e0 avvio al Corso annuale di approfondimento che si tiene in\u2026","rel":"","context":"In &quot;Senza categoria&quot;","img":{"alt_text":"","src":"","width":0,"height":0},"classes":[]},{"id":2498,"url":"http:\/\/www.agostinisemper.it\/2015\/2019\/11\/16\/sottoscrizione-libera-e-istituzione-di-una-borsa-di-merito-in-memoria-di-paolo-persia\/","url_meta":{"origin":115,"position":4},"title":"Sottoscrizione libera e istituzione di una borsa di merito in memoria di Paolo Persia","date":"16 Novembre 2019","format":false,"excerpt":"L\u2019Associazione \u201cAgostini Semper\u201d per onorare e ricordare la memoria dell\u2019avvocato PAOLO PERSIA Indice una sottoscrizione libera rivolta agli amici dell\u2019avvocato Paolo Persia, volta a istituire 1 borsa di studio\/premio annuale di \u20ac 2.000,00 in favore di uno studente meritevole che intenda iscriversi al quarto o al quinto anno accademico dei\u2026","rel":"","context":"In &quot;Senza categoria&quot;","img":{"alt_text":"","src":"https:\/\/i2.wp.com\/www.agostinisemper.it\/2015\/wp-content\/uploads\/2019\/11\/Paolo-Persia.png?fit=1000%2C751&resize=350%2C200","width":350,"height":200},"classes":[]},{"id":1744,"url":"http:\/\/www.agostinisemper.it\/2015\/2016\/07\/01\/bando-per-studenti-meritevoli-in-memoria-di-u-pototschnig\/","url_meta":{"origin":115,"position":5},"title":"Bando per studenti meritevoli in memoria di U. Pototschnig","date":"1 Luglio 2016","format":false,"excerpt":"Pubblicato a firma rettorale il nuovo bando intitolato alla memoria del prof. U. Pototschnig a favore di studenti meritevoli del Collegio Augustinianum; quest'anno le borse disponibili, grazie anche al contributo diretto dell'Associazione Agosatini semper, diventano tre. Di seguito il testo: BANDO DI CONCORSO per l\u2019assegnazione di borse di studio in\u2026","rel":"","context":"In &quot;Senza categoria&quot;","img":{"alt_text":"","src":"","width":0,"height":0},"classes":[]}],"jetpack_likes_enabled":false,"_links":{"self":[{"href":"http:\/\/www.agostinisemper.it\/2015\/wp-json\/wp\/v2\/posts\/115"}],"collection":[{"href":"http:\/\/www.agostinisemper.it\/2015\/wp-json\/wp\/v2\/posts"}],"about":[{"href":"http:\/\/www.agostinisemper.it\/2015\/wp-json\/wp\/v2\/types\/post"}],"author":[{"embeddable":true,"href":"http:\/\/www.agostinisemper.it\/2015\/wp-json\/wp\/v2\/users\/1"}],"replies":[{"embeddable":true,"href":"http:\/\/www.agostinisemper.it\/2015\/wp-json\/wp\/v2\/comments?post=115"}],"version-history":[{"count":0,"href":"http:\/\/www.agostinisemper.it\/2015\/wp-json\/wp\/v2\/posts\/115\/revisions"}],"wp:attachment":[{"href":"http:\/\/www.agostinisemper.it\/2015\/wp-json\/wp\/v2\/media?parent=115"}],"wp:term":[{"taxonomy":"category","embeddable":true,"href":"http:\/\/www.agostinisemper.it\/2015\/wp-json\/wp\/v2\/categories?post=115"},{"taxonomy":"post_tag","embeddable":true,"href":"http:\/\/www.agostinisemper.it\/2015\/wp-json\/wp\/v2\/tags?post=115"}],"curies":[{"name":"wp","href":"https:\/\/api.w.org\/{rel}","templated":true}]}}